{"id":177,"date":"2021-05-14T23:02:02","date_gmt":"2021-05-14T21:02:02","guid":{"rendered":"http:\/\/nasze-pawlowice.pl\/?p=177"},"modified":"2021-05-15T00:00:47","modified_gmt":"2021-05-14T22:00:47","slug":"refleksje-po-1-tzw-konsultacjach-on-line-z-13-05-2021-na-temat-planowanej-budowy-spalarni","status":"publish","type":"post","link":"https:\/\/nasze-pawlowice.pl\/index.php\/2021\/05\/14\/refleksje-po-1-tzw-konsultacjach-on-line-z-13-05-2021-na-temat-planowanej-budowy-spalarni\/","title":{"rendered":"Refleksje po 1. tzw. konsultacjach on-line (z 13.05.2021) na temat planowanej budowy spalarni"},"content":{"rendered":"<p><em>Poni\u017cszy tekst przygotowany zosta\u0142 przez cz\u0142onk\u00f3w stowarzyszenia &#8222;Nasze Paw\u0142owice i Ramisz\u00f3w&#8221;<\/em><\/p>\n<p>Firma Fortum Polska w porozumieniu z w\u0142adzami Wroc\u0142awia i Wiszni Ma\u0142ej planuje budow\u0119 elektrociep\u0142owni zasilanej odpadami w bardzo bliskiej odleg\u0142o\u015bci od wroc\u0142awskich Paw\u0142owic.<\/p>\n<p>Odpady wytwarzane s\u0105 na terenie Wroc\u0142awia, a roczne plany przetworzenia osi\u0105gaj\u0105 zawrotny poziom niemal 200 tysi\u0119cy ton.<\/p>\n<p>Elektrociep\u0142ownia nale\u017cy do przedsi\u0119wzi\u0119\u0107 znacz\u0105co negatywnie wp\u0142ywaj\u0105cych na \u015brodowisko, mimo tego zlokalizowana b\u0119dzie w odleg\u0142o\u015bci ok. 100 m od teren\u00f3w mieszkaniowych Ramiszowa (patrz: za\u0142\u0105czone mapki).<\/p>\n<p><img loading=\"lazy\" decoding=\"async\" class=\"alignnone size-full wp-image-178\" src=\"https:\/\/nasze-pawlowice.pl\/wp-content\/uploads\/2021\/05\/Ramisz\u00f3w-spalarnia.jpg\" alt=\"\" width=\"1493\" height=\"832\" srcset=\"https:\/\/nasze-pawlowice.pl\/wp-content\/uploads\/2021\/05\/Ramisz\u00f3w-spalarnia.jpg 1493w, https:\/\/nasze-pawlowice.pl\/wp-content\/uploads\/2021\/05\/Ramisz\u00f3w-spalarnia-300x167.jpg 300w, https:\/\/nasze-pawlowice.pl\/wp-content\/uploads\/2021\/05\/Ramisz\u00f3w-spalarnia-768x428.jpg 768w, https:\/\/nasze-pawlowice.pl\/wp-content\/uploads\/2021\/05\/Ramisz\u00f3w-spalarnia-1024x571.jpg 1024w\" sizes=\"auto, (max-width: 767px) 89vw, (max-width: 1000px) 54vw, (max-width: 1071px) 543px, 580px\" \/><\/p>\n<p><img loading=\"lazy\" decoding=\"async\" class=\"alignnone size-full wp-image-179\" src=\"https:\/\/nasze-pawlowice.pl\/wp-content\/uploads\/2021\/05\/mapa-osiedla-z-planowan\u0105-spalarni\u0105.jpg\" alt=\"\" width=\"1183\" height=\"976\" srcset=\"https:\/\/nasze-pawlowice.pl\/wp-content\/uploads\/2021\/05\/mapa-osiedla-z-planowan\u0105-spalarni\u0105.jpg 1183w, https:\/\/nasze-pawlowice.pl\/wp-content\/uploads\/2021\/05\/mapa-osiedla-z-planowan\u0105-spalarni\u0105-300x248.jpg 300w, https:\/\/nasze-pawlowice.pl\/wp-content\/uploads\/2021\/05\/mapa-osiedla-z-planowan\u0105-spalarni\u0105-768x634.jpg 768w, https:\/\/nasze-pawlowice.pl\/wp-content\/uploads\/2021\/05\/mapa-osiedla-z-planowan\u0105-spalarni\u0105-1024x845.jpg 1024w\" sizes=\"auto, (max-width: 767px) 89vw, (max-width: 1000px) 54vw, (max-width: 1071px) 543px, 580px\" \/><\/p>\n<p>Aby umo\u017cliwi\u0107 tak\u0105 lokalizacj\u0119, gmina Wisznia Ma\u0142a musia\u0142a przeprowadzi\u0107 zmian\u0119 planu miejscowego, dodaj\u0105c zapis o mo\u017cliwo\u015bci lokalizacji obiekt\u00f3w mog\u0105cych negatywnie wp\u0142ywa\u0107 na \u015brodowisko.<\/p>\n<p>Zmianie planu sprzeciwia\u0142y si\u0119 w\u0142adze gminy D\u0142ugo\u0142\u0119ka, na kt\u00f3rej terenie le\u017cy Ramisz\u00f3w, wystawiaj\u0105c negatywna opini\u0119 do wniosku.<\/p>\n<p>Jednak mimo sprzeciwu D\u0142ugo\u0142\u0119ki, Gmina Wisznia Ma\u0142a przeprowadzi\u0142a zmian\u0119 planu w listopadzie 2020 r., nie licz\u0105c si\u0119 w og\u00f3le z mieszka\u0144cami s\u0105siedniej gminy.<\/p>\n<p>Mieszka\u0144cy okolic dowiedzieli si\u0119 o planach Fortum dopiero 12.05.2021 z artyku\u0142u opublikowanego w Gazecie Wroc\u0142awskiej, a kolejnego dnia firma Fortum wyznaczy\u0142a spotkanie o charakterze informacyjnym na platformie YouTube. By\u0142a mo\u017cliwo\u015b\u0107 zadania pytania jedynie w formie pisemnej, nie by\u0142o mo\u017cliwo\u015bci zabrania g\u0142osu.<\/p>\n<p>Przedstawiciele porozumienia gmin i firmy Fortum przedstawili prezentacj\u0119 o charakterze propagandowym, a odnosz\u0105c si\u0119 do zadanych pyta\u0144 trudno by\u0142o oprze\u0107 si\u0119 wra\u017ceniu wra\u017ceniu, \u017ce nikt z prelegent\u00f3w nie widzia\u0142 na \u017cywo terenu, na temat kt\u00f3rego si\u0119 wypowiada.<\/p>\n<p>Przedstawiciele firmy Fortum wprost kpili z mieszka\u0144c\u00f3w, pr\u00f3buj\u0105c zaprzeczy\u0107 prawdziwym odleg\u0142o\u015bciom planowanej spalarni od dzia\u0142ek budowlanych, mimo przedstawionego przez nas planu miejscowego Ramiszowa. Na obawy zwi\u0105zane z przewidywanym spadkiem cen naszych nieruchomo\u015bci, odpowiedzieli o rzekomym wzro\u015bcie cen w przypadku istniej\u0105cych spalarni.<\/p>\n<p>Ca\u0142y czas pr\u00f3bowano postawi\u0107 mieszka\u0144c\u00f3w Paw\u0142owic i Ramiszowa w szeregu z nie\u015bwiadomymi potrzeby ochrony \u015brodowiska u\u017cytkownikami piec\u00f3w \u201ekopciuch\u00f3w\u201d, pomijaj\u0105c ca\u0142kowicie fakt, \u017ce nasze domy w wi\u0119kszo\u015bci zasilane s\u0105 gazem ziemnym lub ekologicznymi pompami ciep\u0142a korzystaj\u0105cymi z ogniw fotowoltaicznych.<\/p>\n<p>Nie potrafiono poda\u0107 powodu wyboru tej konkretnie lokalizacji spalarni, dowiedzieli\u015bmy si\u0119 jednak, \u017ce prawdopodobnym powodem jest mniejszy op\u00f3r spo\u0142eczny ni\u017c w przypadku oprotestowanej lokalizacji przy ul. Obornickiej. Nale\u017cy przypomnie\u0107, ze w 2017 r. protesty spo\u0142eczne doprowadzi\u0142y do zaniechania plan\u00f3w budowy podobnej elektrociep\u0142owni przy ul. Obornickiej i deklaracji Prezydenta Wroc\u0142awia o zarzuceniu podobnych pomys\u0142\u00f3w na gospodark\u0119 odpadami.<\/p>\n<p>Poni\u017cej o\u015bwiadczenie dost\u0119pne na stronie Biuletynu Informacji Publicznej Miasta Wroc\u0142awia:<\/p>\n<p>O\u015bwiadczenie w sprawie nieprawdziwych informacji dotycz\u0105cych budowy spalarni \u015bmieci we Wroc\u0142awiu.<\/p>\n<p><em>\u201eW zwi\u0105zku z pojawiaj\u0105cymi si\u0119 nieprawdziwymi informacjami w sprawie domniemanej budowy spalarni \u015bmieci we Wroc\u0142awiu o\u015bwiadczam, \u017ce\u00a0<strong>w planach miejskich nie by\u0142o i nie ma budowy takich instalacji<\/strong>. Zapewniam te\u017c, \u017ce\u00a0<strong>PREZYDENT RAFA\u0141 DUTKIEWICZ NIGDY NIE WYRA\u017bA\u0141 I NIE WYRAZI ZGODY NA POWSTANIE SPALARNI \u015aMIECI WE WROC\u0141AWIU<\/strong>.<\/em><\/p>\n<p><em>Plany prywatnej firmy Fortum, o kt\u00f3rych w ostatnim czasie donosz\u0105 media, pierwotnie dotyczy\u0142y budowy przy ul. Obornickiej elektrociep\u0142owni opalanej gazem. Nast\u0119pnie jednak, o czym nie byli\u015bmy informowani, Fortum zwr\u00f3ci\u0142o si\u0119 o wydanie decyzji \u015brodowiskowej dotycz\u0105cej budowy elektrociep\u0142owni wielopaliwowej, gdzie mo\u017ce by\u0107 r\u00f3wnie\u017c spalane paliwo z odpad\u00f3w. Jeste\u015bmy zobowi\u0105zani do przeprowadzenia post\u0119powania administracyjnego (\u0142\u0105cznie z przeprowadzeniem konsultacji).<\/em><\/p>\n<p><strong><em>Jednak uspokajam i raz jeszcze podkre\u015blam, \u017ce zatwierdzony przez Prezydenta program energetyczny miasta oraz wieloletnia strategia gospodarki odpadami nie przewiduj\u0105 w naszym mie\u015bcie budowy spalarni \u015bmieci, czy te\u017c elektrociep\u0142owni opalanej paliwem pochodz\u0105cym z odpad\u00f3w.\u00a0 M\u00f3wi\u0105c wprost: nie jeste\u015bmy zainteresowani takimi instalacjami.<\/em><\/strong><\/p>\n<p><em>Na koniec.<\/em><\/p>\n<p><em>Apeluj\u0119 do wroc\u0142awskich dzia\u0142aczy Prawa i Sprawiedliwo\u015bci, a w szczeg\u00f3lno\u015bci do Pani pose\u0142 Miros\u0142awy Stachowiak \u2013 R\u00f3\u017ceckiej i Pana radnego Marcina Krzy\u017canowskiego, aby nie wykorzystywali obaw mieszka\u0144c\u00f3w dla w\u0142asnych cel\u00f3w politycznych. Prowadzenie kampanii wyborczej, opartej na strachu, wywo\u0142anym nieprawdziwymi informacjami, jest nieprzyzwoite.<\/em><\/p>\n<p>Marcin Garcarz<br \/>\nDyrektor Departamentu Prezydenta Wroc\u0142awia\u201d<\/p>\n<p>&nbsp;<\/p>\n<p>Niestety obecny Prezydent Wroc\u0142awia Jacek Sutryk nie prowadzi dialogu w tak niepokoj\u0105cej dla mieszka\u0144c\u00f3w\u00a0 powierzonego mu miasta sprawie, \u0142amie jednocze\u015bnie umow\u0119 spo\u0142eczn\u0105 zawart\u0105 w przytoczonej powy\u017cej deklaracji Prezydenta Wroc\u0142awia z 2017 r. Nasze posty\u00a0 s\u0105 usuwane z oficjalnej strony Jacka Sutryka na Facebook\u2019u, nasze konta blokowane.<\/p>\n<p><strong>Podkre\u015blamy jednoznacznie &#8211; mieszka\u0144cy p\u00f3\u0142nocnych rejon\u00f3w Wroc\u0142awia i o\u015bciennych gmin s\u0105 \u015bwiadomymi obywatelami, wierz\u0105cymi w konieczno\u015b\u0107 zr\u00f3wnowa\u017conego rozwoju.<\/strong><\/p>\n<p><strong>Nie pozwolimy jednak na nieprzemy\u015blane lokalizowanie przedsi\u0119wzi\u0119cia znacz\u0105co negatywnie wp\u0142ywaj\u0105cego na \u015brodowisko pod oknami naszych dom\u00f3w.<\/strong><\/p>\n<p><strong>Nic o nas bez nas.<\/strong><\/p>\n<p>&nbsp;<\/p>\n","protected":false},"excerpt":{"rendered":"<p>Poni\u017cszy tekst przygotowany zosta\u0142 przez cz\u0142onk\u00f3w stowarzyszenia &#8222;Nasze Paw\u0142owice i Ramisz\u00f3w&#8221; Firma Fortum Polska w porozumieniu z w\u0142adzami Wroc\u0142awia i Wiszni Ma\u0142ej planuje budow\u0119 elektrociep\u0142owni zasilanej odpadami w bardzo bliskiej odleg\u0142o\u015bci od wroc\u0142awskich Paw\u0142owic. Odpady wytwarzane s\u0105 na terenie Wroc\u0142awia, a roczne plany przetworzenia osi\u0105gaj\u0105 zawrotny poziom niemal 200 tysi\u0119cy ton. Elektrociep\u0142ownia nale\u017cy do przedsi\u0119wzi\u0119\u0107 &hellip; <\/p>\n<p class=\"link-more\"><a href=\"https:\/\/nasze-pawlowice.pl\/index.php\/2021\/05\/14\/refleksje-po-1-tzw-konsultacjach-on-line-z-13-05-2021-na-temat-planowanej-budowy-spalarni\/\" class=\"more-link\">Czytaj dalej<span class=\"screen-reader-text\"> \u201eRefleksje po 1. tzw. konsultacjach on-line (z 13.05.2021) na temat planowanej budowy spalarni\u201d<\/span><\/a><\/p>\n","protected":false},"author":1,"featured_media":0,"comment_status":"open","ping_status":"open","sticky":false,"template":"","format":"standard","meta":{"footnotes":""},"categories":[1],"tags":[],"class_list":["post-177","post","type-post","status-publish","format-standard","hentry","category-bez-kategorii"],"_links":{"self":[{"href":"https:\/\/nasze-pawlowice.pl\/index.php\/wp-json\/wp\/v2\/posts\/177","targetHints":{"allow":["GET"]}}],"collection":[{"href":"https:\/\/nasze-pawlowice.pl\/index.php\/wp-json\/wp\/v2\/posts"}],"about":[{"href":"https:\/\/nasze-pawlowice.pl\/index.php\/wp-json\/wp\/v2\/types\/post"}],"author":[{"embeddable":true,"href":"https:\/\/nasze-pawlowice.pl\/index.php\/wp-json\/wp\/v2\/users\/1"}],"replies":[{"embeddable":true,"href":"https:\/\/nasze-pawlowice.pl\/index.php\/wp-json\/wp\/v2\/comments?post=177"}],"version-history":[{"count":4,"href":"https:\/\/nasze-pawlowice.pl\/index.php\/wp-json\/wp\/v2\/posts\/177\/revisions"}],"predecessor-version":[{"id":183,"href":"https:\/\/nasze-pawlowice.pl\/index.php\/wp-json\/wp\/v2\/posts\/177\/revisions\/183"}],"wp:attachment":[{"href":"https:\/\/nasze-pawlowice.pl\/index.php\/wp-json\/wp\/v2\/media?parent=177"}],"wp:term":[{"taxonomy":"category","embeddable":true,"href":"https:\/\/nasze-pawlowice.pl\/index.php\/wp-json\/wp\/v2\/categories?post=177"},{"taxonomy":"post_tag","embeddable":true,"href":"https:\/\/nasze-pawlowice.pl\/index.php\/wp-json\/wp\/v2\/tags?post=177"}],"curies":[{"name":"wp","href":"https:\/\/api.w.org\/{rel}","templated":true}]}}