{"id":184,"date":"2021-05-15T12:59:59","date_gmt":"2021-05-15T10:59:59","guid":{"rendered":"http:\/\/nasze-pawlowice.pl\/?p=184"},"modified":"2021-05-15T12:59:59","modified_gmt":"2021-05-15T10:59:59","slug":"tresc-petycji-mieszkancow-wroclawia-i-okolic-do-prezydenta-wroclawia-przeciwko-budowie-spalarni","status":"publish","type":"post","link":"https:\/\/nasze-pawlowice.pl\/index.php\/2021\/05\/15\/tresc-petycji-mieszkancow-wroclawia-i-okolic-do-prezydenta-wroclawia-przeciwko-budowie-spalarni\/","title":{"rendered":"Tre\u015b\u0107 petycji mieszka\u0144c\u00f3w Wroc\u0142awia i okolic do Prezydenta Wroc\u0142awia przeciwko budowie spalarni"},"content":{"rendered":"<p>Mieszka\u0144cy Wroc\u0142awia i okolic przygotowali <strong>petycj\u0119 do Prezydenta Wroc\u0142awia Jacka Sutryka przeciwko budowie ogromnej spalarni \u015bmieci<\/strong> umiejscowionej przy p\u00f3\u0142nocno-wschodniej granicy Wroc\u0142awia. Poni\u017cej przedstawiamy tre\u015b\u0107 tej petycji, kt\u00f3ra znajduje si\u0119 r\u00f3wnie\u017c jako za\u0142\u0105cznik w PDF z pustym formularzem do sk\u0142adania podpis\u00f3w. Prosz\u0119 pami\u0119ta\u0107, aby po wydrukowaniu listy <strong>nie numerowa\u0107 jej (LP)<\/strong>, gdy\u017c b\u0119dziemy te kartki \u0142\u0105czy\u0107 i wtedy wpiszemy numery. Podpisane listy mo\u017cna sk\u0142ada\u0107 w Radzie Osiedla Paw\u0142owice lub do skrzynki pocztowej naszego stowarzyszenia.<\/p>\n<p style=\"text-align: center;\">Petycja do pobrania z list\u0105 w PDF:\u00a0<strong><a href=\"https:\/\/nasze-pawlowice.pl\/wp-content\/uploads\/2021\/05\/sprzeciw-pawlowice.pdf\">sprzeciw-pawlowice<\/a><\/strong><\/p>\n<p>&nbsp;<\/p>\n<p><strong>Tre\u015b\u0107 petycji:<\/strong><\/p>\n<p style=\"text-align: right;\">Wroc\u0142aw, 14.05.2021 r.<\/p>\n<p>Ni\u017cej podpisani Mieszka\u0144cy Wroc\u0142awia i okolic<\/p>\n<p style=\"text-align: right;\">Pan Jacek Sutryk Prezydent Wroc\u0142awia<\/p>\n<p>Dotyczy: sprzeciwu wobec budowy spalarni \u015bmieci przy w\u0119\u017ale Psie Pole (na granicy Gminy)<\/p>\n<p>Szanowny Panie Prezydencie,<\/p>\n<p>Zwracamy si\u0119 z apelem i uprzejm\u0105 pro\u015bb\u0105 o wsparcie nas, Mieszka\u0144c\u00f3w, poprzez niedopuszczenie do realizacji zamierzenia inwestycyjnego dotycz\u0105cego budowy spalarni \u015bmieci, kt\u00f3rej lokalizacja planowana jest na terenie w\u0119z\u0142a Psie Pole AOW.<\/p>\n<p>Jeste\u015bmy bardzo zaniepokojeni tematem, o kt\u00f3rym dowiedzieli\u015bmy si\u0119 dopiero w dniu wczorajszym z medi\u00f3w. Jednocze\u015bnie zwracamy uwag\u0119, \u017ce <strong>zaproponowana przez Inwestora formu\u0142a spotkania YouTube wyklucza znaczn\u0105 cz\u0119\u015b\u0107 mieszka\u0144c\u00f3w, kt\u00f3rzy z powodu wieku albo braku dost\u0119pno\u015bci infrastruktury informatycznej nie b\u0119d\u0105 mogli w nim uczestniczy\u0107, a sama forma kana\u0142u YouTube zupe\u0142nie nie daje mo\u017cliwo\u015bci pe\u0142nej interakcji uczestnik\u00f3w dyskusji. Tak pot\u0119\u017cne i uci\u0105\u017cliwe inwestycje powinny by\u0107 w szczeg\u00f3lno\u015bci omawiane z szerok\u0105 grup\u0105 zainteresowanych i poprzedzone wieloma spotkaniami, kt\u00f3re dadz\u0105 mo\u017cliwo\u015b\u0107 wypowiedzi mieszka\u0144com.<\/strong><\/p>\n<p>Maj\u0105c na uwadze trosk\u0119 o dobra wsp\u00f3lne, atrakcyjno\u015b\u0107 mieszkaniow\u0105 i turystyczn\u0105 miasta oraz okolicy, zdrowie jak i czyste \u015brodowisko, zdecydowanie sprzeciwiamy si\u0119 koncepcji budowy spalarni \u015bmieci w proponowanej lokalizacji &#8211; przy wje\u017adzie do miasta u zbiegu dr\u00f3g S8 i DK98, w s\u0105siedztwie od lat istniej\u0105cych osiedli mieszkaniowych Wroc\u0142awia i gminy D\u0142ugo\u0142\u0119ka, kt\u00f3re doceniane s\u0105 przez obecnych mieszka\u0144c\u00f3w jak i planowane przez obydwie gminy do dalszego rozwoju w tym kierunku.<\/p>\n<p>Pragniemy zauwa\u017cy\u0107, \u017ce ju\u017c na chwil\u0119 obecn\u0105 mierzymy si\u0119 ze wzmo\u017conym ruchem pojazd\u00f3w, ha\u0142asem i zanieczyszczeniem powietrza, a dopuszczenie do realizacji planowanej inwestycji spot\u0119guje tylko dalsze problemy.<br \/>\nNie chcemy pogorszenia si\u0119 jako\u015bci naszych osiedli, kt\u00f3re od lat si\u0119 rozwija\u0142y w harmonii z otoczeniem, a teraz w ich s\u0105siedztwie planuje si\u0119 wprowadzenie inwestycji uci\u0105\u017cliwej pod wieloma wzgl\u0119dami i potencjalnie niebezpiecznej dla cennego w tym rejonie \u015brodowiska przyrodniczego jak i dla mieszka\u0144c\u00f3w.<\/p>\n<p><strong>Nale\u017cy podkre\u015bli\u0107, \u017ce w zakresie funkcji, formy czy skali przedsi\u0119wzi\u0119cia b\u0119dzie to ca\u0142kowicie obcy element w tym rejonie, budz\u0105cy obawy spo\u0142eczne.<\/strong><br \/>\nWroc\u0142aw w ostatnim czasie aktywnie uczestniczy w dzia\u0142aniach antysmogowych, jako\u015b\u0107 powietrza powoli si\u0119 poprawia, mamy tak\u017ce \u015bwiadomo\u015b\u0107, \u017ce gospodarowanie odpadami musi by\u0107 rozwi\u0105zane \u2013 jednak dlaczego kosztem pobliskich osiedli? <strong>Chcemy podziwia\u0107 natur\u0119, w kt\u00f3r\u0105 od lat s\u0105 wkomponowane nasze osiedla, a nie kominy spalarni! Instalacje oczyszczania spalin przyczyniaj\u0105 si\u0119 redukcji emisji zanieczyszcze\u0144, ale nie eliminuj\u0105 ich ca\u0142kowicie. Nie m\u00f3wi\u0105c o awariach, kt\u00f3re przytrafiaj\u0105 si\u0119 nawet w najnowocze\u015bniejszych instalacjach i obiektach przemys\u0142owych<\/strong>. Potencjalnie powsta\u0142e zanieczyszczenia mog\u0105 obj\u0105\u0107 Wroc\u0142aw jak i gminy s\u0105siednie.<br \/>\nNie chcemy r\u00f3wnie\u017c kilkuset dodatkowych samochod\u00f3w ci\u0119\u017carowych dziennie, kt\u00f3re zwi\u0119ksz\u0105 ruch, ha\u0142as, emisj\u0119 zanieczyszcze\u0144, ogranicz\u0105 bezpiecze\u0144stwo na drogach i spowoduj\u0105 od\u00f3r w okolicy planowanej spalarni \u015bmieci.<\/p>\n<p><strong>Nale\u017cy r\u00f3wnie\u017c wzi\u0105\u0107 pod uwag\u0119, \u017ce lokalizacj\u0119 planowanej spalarni nie nale\u017cy tylko rozpatrywa\u0107 bior\u0105c pod uwag\u0119 jedynie odleg\u0142o\u015bci od istniej\u0105cych zabudowa\u0144. To tak\u017ce praktycznie bezpo\u015brednie s\u0105siedztwo dopiero rozwijaj\u0105cych si\u0119 cz\u0119\u015bci osiedli mieszkaniowych, kt\u00f3re by\u0142y od lat \u015bwiadomie zaplanowane w tym rejonie, ze wzgl\u0119du na atrakcyjny rejon do zamieszkania, co potwierdzaj\u0105 obowi\u0105zuj\u0105ce dokumenty gminne.<\/strong> Z tego wzgl\u0119du nale\u017cy wzi\u0105\u0107 pod uwag\u0119 fakt, \u017ce planowane przedsi\u0119wzi\u0119cie b\u0119dzie mia\u0142o wp\u0142yw na warto\u015b\u0107 dom\u00f3w i grunt\u00f3w w tym rejonie i realne jej obni\u017cenie.<\/p>\n<p><strong>Pragniemy r\u00f3wnie\u017c zauwa\u017cy\u0107, \u017ce obecne podej\u015bcie Unii Europejskiej wyra\u017anie pokazuje kierunek na przysz\u0142o\u015b\u0107 dla pa\u0144stw cz\u0142onkowskich zwi\u0105zany cho\u0107by z Europejskim Zielonym \u0141adem i finansowaniem inwestycji, gdzie wskazuje si\u0119 odej\u015bcie od spalarni odpad\u00f3w<\/strong>, a ukierunkowanie na inwestycje zwi\u0105zane z recyklingiem, wt\u00f3rnym zagospodarowywaniem i wykorzystywaniem odpad\u00f3w oraz przede wszystkim ograniczaniem ich ilo\u015bci. Ten trend zosta\u0142 ju\u017c zapocz\u0105tkowany w 2015 r. Planem dzia\u0142ania UE dotycz\u0105cym gospodarki o obiegu zamkni\u0119tym, gdzie wskazano, \u017ce spos\u00f3b, w jaki zbieramy odpady i nimi gospodarujemy mo\u017ce prowadzi\u0107 do wysokich wska\u017anik\u00f3w recyklingu i sprawi\u0107, \u017ce cenne materia\u0142y b\u0119d\u0105 trafia\u0142y z powrotem do gospodarki, lub mo\u017ce skutkowa\u0107 niewydajnym systemem, w kt\u00f3rym wi\u0119kszo\u015b\u0107 nadaj\u0105cych si\u0119 do recyklingu odpad\u00f3w trafia na sk\u0142adowiska lub do spalarni, co mo\u017ce mie\u0107 szkodliwe skutki dla \u015brodowiska i powodowa\u0107 znaczne straty gospodarcze. W ostatnim czasie ten trend ku recyklingowi i ponownemu zagospodarowaniu tylko si\u0119 jeszcze bardziej wzmacnia.<\/p>\n<p>Z tego wzgl\u0119du uwa\u017camy, \u017ce samorz\u0105dy i my jako mieszka\u0144cy powinni\u015bmy stawia\u0107 przede wszystkim na selektywn\u0105 zbi\u00f3rk\u0119 u \u017ar\u00f3d\u0142a, recykling materia\u0142owy i kompostowanie. Przyk\u0142adowo w Europie jest kilkaset gmin, kt\u00f3re udowodni\u0142y, \u017ce recyklingowi mo\u017ce by\u0107 poddanych ponad 80% odpad\u00f3w. Spalarnie odpad\u00f3w, mimo nowoczesnych technologii, emituj\u0105 do powietrza rakotw\u00f3rcze substancje (dioksyny i furany), metale ci\u0119\u017ckie oraz dwutlenek w\u0119gla. Zagro\u017cone jest zdrowie nasze i naszych dzieci.<\/p>\n<p><strong>Przypominamy deklaracje w\u0142adz Miasta Wroc\u0142aw z 2017 roku, kt\u00f3ra wybrzmiewa\u0142a jasno: we Wroc\u0142awiu i okolicach spalarni nie b\u0119dzie. Mamy nadziej\u0119 \u017ce Pan Prezydent podtrzymuje te deklaracje i nie dopu\u015bci do budowy spalarni w tak cennej przyrodniczo i urbanistycznie okolicy.<\/strong><\/p>\n<p>Apelujemy o niebudowanie wielopaliwowej elektrociep\u0142owni!<br \/>\nWprowadzenie wy\u017cej wymienionej inwestycji, okre\u015blonej jako mog\u0105cej zawsze znacz\u0105co oddzia\u0142ywa\u0107 na \u015brodowisko, w przedmiotowej lokalizacji na granicy gmin Wroc\u0142aw, D\u0142ugo\u0142\u0119ka i Wisznia Ma\u0142a oraz jej docelowe funkcjonowanie w znacz\u0105cy spos\u00f3b odbije si\u0119 szczeg\u00f3lnie na jako\u015bci naszego \u017cycia, obni\u017cy warto\u015b\u0107 nieruchomo\u015bci mieszkalnych, a tak\u017ce naruszy dobro wsp\u00f3lne jakim jest zielone i rozwijaj\u0105ce si\u0119 harmonijnie miejsce do zamieszkania. Nasze obawy dotycz\u0105 zar\u00f3wno kwestii zdrowotnych, \u015brodowiskowych, bezpiecze\u0144stwa obszar\u00f3w cennych przyrodniczo, problem\u00f3w spo\u0142ecznych oraz uci\u0105\u017cliwo\u015bci komunikacyjnych.<\/p>\n<p><strong>Wierzymy tak\u017ce, \u017ce tak silny g\u0142os mieszka\u0144c\u00f3w b\u0119dzie wys\u0142uchany i wzi\u0119ty pod uwag\u0119.<\/strong><\/p>\n<p><strong>Panie Prezydencie liczymy na Pana wsparcie i czynn\u0105 pomoc w zablokowaniu planowanej budowy spalarni!<\/strong><\/p>\n<p>Z powa\u017caniem,<br \/>\nNi\u017cej podpisani Mieszka\u0144cy Wroc\u0142awia i okolic<\/p>\n<p>Za\u0142\u0105czniki:<br \/>\nZa\u0142\u0105cznik nr 1: Lista z podpisami mieszka\u0144c\u00f3w Wroc\u0142awia i okolic<\/p>\n<p>&nbsp;<\/p>\n<p>&nbsp;<\/p>\n","protected":false},"excerpt":{"rendered":"<p>Mieszka\u0144cy Wroc\u0142awia i okolic przygotowali petycj\u0119 do Prezydenta Wroc\u0142awia Jacka Sutryka przeciwko budowie ogromnej spalarni \u015bmieci umiejscowionej przy p\u00f3\u0142nocno-wschodniej granicy Wroc\u0142awia. Poni\u017cej przedstawiamy tre\u015b\u0107 tej petycji, kt\u00f3ra znajduje si\u0119 r\u00f3wnie\u017c jako za\u0142\u0105cznik w PDF z pustym formularzem do sk\u0142adania podpis\u00f3w. Prosz\u0119 pami\u0119ta\u0107, aby po wydrukowaniu listy nie numerowa\u0107 jej (LP), gdy\u017c b\u0119dziemy te kartki \u0142\u0105czy\u0107 &hellip; <\/p>\n<p class=\"link-more\"><a href=\"https:\/\/nasze-pawlowice.pl\/index.php\/2021\/05\/15\/tresc-petycji-mieszkancow-wroclawia-i-okolic-do-prezydenta-wroclawia-przeciwko-budowie-spalarni\/\" class=\"more-link\">Czytaj dalej<span class=\"screen-reader-text\"> \u201eTre\u015b\u0107 petycji mieszka\u0144c\u00f3w Wroc\u0142awia i okolic do Prezydenta Wroc\u0142awia przeciwko budowie spalarni\u201d<\/span><\/a><\/p>\n","protected":false},"author":1,"featured_media":0,"comment_status":"open","ping_status":"open","sticky":false,"template":"","format":"standard","meta":{"footnotes":""},"categories":[1],"tags":[],"class_list":["post-184","post","type-post","status-publish","format-standard","hentry","category-bez-kategorii"],"_links":{"self":[{"href":"https:\/\/nasze-pawlowice.pl\/index.php\/wp-json\/wp\/v2\/posts\/184","targetHints":{"allow":["GET"]}}],"collection":[{"href":"https:\/\/nasze-pawlowice.pl\/index.php\/wp-json\/wp\/v2\/posts"}],"about":[{"href":"https:\/\/nasze-pawlowice.pl\/index.php\/wp-json\/wp\/v2\/types\/post"}],"author":[{"embeddable":true,"href":"https:\/\/nasze-pawlowice.pl\/index.php\/wp-json\/wp\/v2\/users\/1"}],"replies":[{"embeddable":true,"href":"https:\/\/nasze-pawlowice.pl\/index.php\/wp-json\/wp\/v2\/comments?post=184"}],"version-history":[{"count":1,"href":"https:\/\/nasze-pawlowice.pl\/index.php\/wp-json\/wp\/v2\/posts\/184\/revisions"}],"predecessor-version":[{"id":186,"href":"https:\/\/nasze-pawlowice.pl\/index.php\/wp-json\/wp\/v2\/posts\/184\/revisions\/186"}],"wp:attachment":[{"href":"https:\/\/nasze-pawlowice.pl\/index.php\/wp-json\/wp\/v2\/media?parent=184"}],"wp:term":[{"taxonomy":"category","embeddable":true,"href":"https:\/\/nasze-pawlowice.pl\/index.php\/wp-json\/wp\/v2\/categories?post=184"},{"taxonomy":"post_tag","embeddable":true,"href":"https:\/\/nasze-pawlowice.pl\/index.php\/wp-json\/wp\/v2\/tags?post=184"}],"curies":[{"name":"wp","href":"https:\/\/api.w.org\/{rel}","templated":true}]}}