{"id":188,"date":"2021-05-16T12:46:42","date_gmt":"2021-05-16T10:46:42","guid":{"rendered":"http:\/\/nasze-pawlowice.pl\/?p=188"},"modified":"2021-05-16T13:44:16","modified_gmt":"2021-05-16T11:44:16","slug":"podsumowanie-spotkania-w-ramiszowie-w-dniu-15-05-2021","status":"publish","type":"post","link":"https:\/\/nasze-pawlowice.pl\/index.php\/2021\/05\/16\/podsumowanie-spotkania-w-ramiszowie-w-dniu-15-05-2021\/","title":{"rendered":"Podsumowanie spotkania w Ramiszowie w dniu 15-05-2021"},"content":{"rendered":"<p><em>Poni\u017cszy tekst zosta\u0142 przygotowany przez lokalne \u015brodowisko. Dzi\u0119kujemy za mo\u017cliwo\u015b\u0107 udost\u0119pnienia poni\u017cszego podsumowania oraz zdj\u0119\u0107.<\/em><\/p>\n<p><strong>1.<\/strong> Spotkanie rozpocz\u0119\u0142o si\u0119 przedstawieniem dotychczas uzyskanych informacji dotycz\u0105cych:<\/p>\n<p><strong>1a.<\/strong> toku procedury ws. wydania decyzji \u015brodowiskowej tocz\u0105cych si\u0119 w Urz\u0119dzie Gminy Wisznia Ma\u0142a:<\/p>\n<p>&#8211; nie zosta\u0142o jeszcze wydane postanowienie o wszcz\u0119ciu post\u0119powania ws. wydania decyzji \u015brodowiskowej,<\/p>\n<p>&#8211; po wydaniu decyzji \u015brodowiskowej zostaniemy powiadomieni o rozpocz\u0119ciu konsultacji wymaganych prawem,<\/p>\n<p><strong>1b.<\/strong> mo\u017cliwego z\u0142amania prawa w zwi\u0105zku z uchwaleniem mpzp Biskupice II,<\/p>\n<p><strong>1c.<\/strong> prelekcji przedstawicieli firmy Fortum na kanale YT, kt\u00f3re w rzeczywisto\u015bci by\u0142y spotkaniami informacyjnymi i z konsultacjami nie mia\u0142y wiele wsp\u00f3lnego (na pewno nie z tymi wymaganymi procedur\u0105 administracyjn\u0105),<\/p>\n<p><strong>1d.<\/strong> stanowiska W\u00f3jta gminy D\u0142ugo\u0142\u0119ka ws. lokalizacji inwestycji 50 m obok obr\u0119bu Ramisz\u00f3w, Gmina D\u0142ugo\u0142\u0119ka. W\u00f3jt podtrzymuje swoj\u0105 postaw\u0119 zawart\u0105 w opiniach ws. planu MPZP Biskupice II tj. podtrzymuje negatywne stanowisko ws. lokalizacji tej inwestycji na dzia\u0142kach granicz\u0105cych z obr\u0119bem Ramisz\u00f3w.<\/p>\n<p><img loading=\"lazy\" decoding=\"async\" class=\"alignnone size-full wp-image-187\" src=\"https:\/\/nasze-pawlowice.pl\/wp-content\/uploads\/2021\/05\/20210515_121127B.jpg\" alt=\"\" width=\"1648\" height=\"1100\" srcset=\"https:\/\/nasze-pawlowice.pl\/wp-content\/uploads\/2021\/05\/20210515_121127B.jpg 1648w, https:\/\/nasze-pawlowice.pl\/wp-content\/uploads\/2021\/05\/20210515_121127B-300x200.jpg 300w, https:\/\/nasze-pawlowice.pl\/wp-content\/uploads\/2021\/05\/20210515_121127B-768x513.jpg 768w, https:\/\/nasze-pawlowice.pl\/wp-content\/uploads\/2021\/05\/20210515_121127B-1024x683.jpg 1024w\" sizes=\"auto, (max-width: 767px) 89vw, (max-width: 1000px) 54vw, (max-width: 1071px) 543px, 580px\" \/><\/p>\n<p><strong>2.<\/strong> Nast\u0119pnie prowadz\u0105ca spotkanie So\u0142tys wsi Ramisz\u00f3w zapozna\u0142a zgromadzonych z tre\u015bci\u0105 petycji do W\u00f3jta Gminy D\u0142ugo\u0142\u0119ka ws. podj\u0119cia przez niego i podleg\u0142y mu urz\u0105d dzia\u0142a\u0144 zmierzaj\u0105cych do zablokowania inwestycji na dz.1\/17, 1\/18, 1\/19 obr\u0119b Biskupice, Gmina Wisznia Ma\u0142a. Zgromadzeni przyst\u0105pili do podpisywania petycji &#8211; na zebraniu uda\u0142o si\u0119 podpisa\u0107 260 osobom.<\/p>\n<p>W mi\u0119dzyczasie podpisywana by\u0142a petycja do Prezydenta M. Wroc\u0142awia Jacka Sutryka.<\/p>\n<p><img loading=\"lazy\" decoding=\"async\" class=\"alignnone size-full wp-image-189\" src=\"https:\/\/nasze-pawlowice.pl\/wp-content\/uploads\/2021\/05\/image4-B.jpeg\" alt=\"\" width=\"1745\" height=\"1191\" srcset=\"https:\/\/nasze-pawlowice.pl\/wp-content\/uploads\/2021\/05\/image4-B.jpeg 1745w, https:\/\/nasze-pawlowice.pl\/wp-content\/uploads\/2021\/05\/image4-B-300x205.jpeg 300w, https:\/\/nasze-pawlowice.pl\/wp-content\/uploads\/2021\/05\/image4-B-768x524.jpeg 768w, https:\/\/nasze-pawlowice.pl\/wp-content\/uploads\/2021\/05\/image4-B-1024x699.jpeg 1024w\" sizes=\"auto, (max-width: 767px) 89vw, (max-width: 1000px) 54vw, (max-width: 1071px) 543px, 580px\" \/><\/p>\n<p><strong>3.<\/strong> Nast\u0119pnie g\u0142os przekazano:<\/p>\n<p><strong>3a.<\/strong> Joannie Janusz, radnej Gminy D\u0142ugo\u0142\u0119ka, kt\u00f3ra w imieniu radnych poinformowa\u0142a o krokach podj\u0119tych przez radnych klubu \u201cBli\u017cej Ludzi\u201d kt\u00f3rzy wyst\u0105pili do W\u00f3jta Gminy Wisznia Ma\u0142a o udost\u0119pnienie w trybie informacji publicznej informacji,<\/p>\n<p>&#8211; o pe\u0142nej dokumentacji zwi\u0105zanej z planowan\u0105 inwestycj\u0105,<\/p>\n<p>&#8211; wniosku o zmian\u0119 mpzp Biskupice II,<\/p>\n<p>&#8211; informacji kiedy planowane s\u0105 konsultacje firmy Fortum Power and Heat Polska Sp.z o.o. ws. przekazania pe\u0142nych plan\u00f3w inwestycyjnych odno\u015bnie tej instalacji,<\/p>\n<p><strong>3b.<\/strong> Rados\u0142awowi Gawlikowi, mieszka\u0144cowi Pruszowic, wieloletniemu dzia\u0142aczowi proekologicznym. Pan Rados\u0142aw wskaza\u0142 m.in., i\u017c inwestycja elektrociep\u0142owni &#8211; spalarni nie ma nic wsp\u00f3lnego z polityk\u0105 odpadow\u0105 UE. Zadeklarowa\u0142 r\u00f3wnie\u017c przyst\u0105pienie co najmniej 1 organizacji ekologicznej do post\u0119powania ws. wydania decyzji \u015brodowiskowej,<\/p>\n<p><strong>3c.<\/strong> Osobom, kt\u00f3re podj\u0119\u0142y si\u0119 ju\u017c pierwszej analizy raportu oddzia\u0142ywania na \u015brodowisko p. \u017burkowi i p. Lajnert,<\/p>\n<p><strong>3d.<\/strong> Pani Ewie Rozkosz, kt\u00f3ra poinformowa\u0142a o kontaktach z mediami ws. naszego sprzeciwu dotycz\u0105cego lokalizacji tej inwestycji.<\/p>\n<p><img loading=\"lazy\" decoding=\"async\" class=\"alignnone size-full wp-image-190\" src=\"https:\/\/nasze-pawlowice.pl\/wp-content\/uploads\/2021\/05\/20210515_121133BBB.jpg\" alt=\"\" width=\"3931\" height=\"1725\" srcset=\"https:\/\/nasze-pawlowice.pl\/wp-content\/uploads\/2021\/05\/20210515_121133BBB.jpg 3931w, https:\/\/nasze-pawlowice.pl\/wp-content\/uploads\/2021\/05\/20210515_121133BBB-300x132.jpg 300w, https:\/\/nasze-pawlowice.pl\/wp-content\/uploads\/2021\/05\/20210515_121133BBB-768x337.jpg 768w, https:\/\/nasze-pawlowice.pl\/wp-content\/uploads\/2021\/05\/20210515_121133BBB-1024x449.jpg 1024w\" sizes=\"auto, (max-width: 767px) 89vw, (max-width: 1000px) 54vw, (max-width: 1071px) 543px, 580px\" \/><\/p>\n<p><strong>4.<\/strong> Mocny sk\u0142ad przedstawicieli zawod\u00f3w prawniczych podj\u0105\u0142 pierwsze analizy przysz\u0142ych dzia\u0142a\u0144.<\/p>\n<p><img loading=\"lazy\" decoding=\"async\" class=\"alignnone size-full wp-image-191\" src=\"https:\/\/nasze-pawlowice.pl\/wp-content\/uploads\/2021\/05\/image2-B.jpeg\" alt=\"\" width=\"2016\" height=\"1512\" srcset=\"https:\/\/nasze-pawlowice.pl\/wp-content\/uploads\/2021\/05\/image2-B.jpeg 2016w, https:\/\/nasze-pawlowice.pl\/wp-content\/uploads\/2021\/05\/image2-B-300x225.jpeg 300w, https:\/\/nasze-pawlowice.pl\/wp-content\/uploads\/2021\/05\/image2-B-768x576.jpeg 768w, https:\/\/nasze-pawlowice.pl\/wp-content\/uploads\/2021\/05\/image2-B-1024x768.jpeg 1024w\" sizes=\"auto, (max-width: 767px) 89vw, (max-width: 1000px) 54vw, (max-width: 1071px) 543px, 580px\" \/><\/p>\n<p><strong>5.<\/strong> W toku spotkania pad\u0142y wnioski o:<\/p>\n<p>&#8211; powo\u0142anie komisji w ramach urz\u0119du Gminy D\u0142ugo\u0142\u0119ka, kt\u00f3ra posiadaj\u0105c odpowiednie \u015brodki b\u0119dzie mog\u0142a wynaj\u0105\u0107 specjalist\u00f3w, kt\u00f3rzy udziel\u0105 nam pomocy (w tym prawnej),<\/p>\n<p>&#8211; zbi\u00f3rki \u015brodk\u00f3w finansowych na pokrycie koszt\u00f3w obs\u0142ugi prawnej, przygotowania plakat\u00f3w i baner\u00f3w,<\/p>\n<p>&#8211; powo\u0142ania stowarzyszenia dedykowanego naszemu dzia\u0142aniu,<\/p>\n<p>&#8211; podj\u0119cie dzia\u0142a\u0144 zmierzaj\u0105cych do pokazania prawdziwego oblicza lokalizacji inwestycji przez Forum, czyli odk\u0142amywanie dotychczas przygotowanych i opublikowanych film\u00f3w, kt\u00f3re wskazuj\u0105 jak fantastyczna to lokalizacja, z dala od zabudowa\u0144 mieszkalnych.<\/p>\n<p><strong>6.<\/strong> Ustalono, \u017ce w niedziel\u0119 w dniu 30.05.2021 odb\u0119dzie si\u0119 spotkanie merytoryczne: zapraszamy prawnik\u00f3w, specjalist\u00f3w ds. ochrony \u015brodowiska, in\u017cynier\u00f3w, specjalist\u00f3w ds. medi\u00f3w.<\/p>\n<p>&nbsp;<\/p>\n<p>&nbsp;<\/p>\n<p>&nbsp;<\/p>\n","protected":false},"excerpt":{"rendered":"<p>Poni\u017cszy tekst zosta\u0142 przygotowany przez lokalne \u015brodowisko. Dzi\u0119kujemy za mo\u017cliwo\u015b\u0107 udost\u0119pnienia poni\u017cszego podsumowania oraz zdj\u0119\u0107. 1. Spotkanie rozpocz\u0119\u0142o si\u0119 przedstawieniem dotychczas uzyskanych informacji dotycz\u0105cych: 1a. toku procedury ws. wydania decyzji \u015brodowiskowej tocz\u0105cych si\u0119 w Urz\u0119dzie Gminy Wisznia Ma\u0142a: &#8211; nie zosta\u0142o jeszcze wydane postanowienie o wszcz\u0119ciu post\u0119powania ws. wydania decyzji \u015brodowiskowej, &#8211; po wydaniu decyzji &hellip; <\/p>\n<p class=\"link-more\"><a href=\"https:\/\/nasze-pawlowice.pl\/index.php\/2021\/05\/16\/podsumowanie-spotkania-w-ramiszowie-w-dniu-15-05-2021\/\" class=\"more-link\">Czytaj dalej<span class=\"screen-reader-text\"> \u201ePodsumowanie spotkania w Ramiszowie w dniu 15-05-2021\u201d<\/span><\/a><\/p>\n","protected":false},"author":1,"featured_media":0,"comment_status":"open","ping_status":"open","sticky":false,"template":"","format":"standard","meta":{"footnotes":""},"categories":[1],"tags":[],"class_list":["post-188","post","type-post","status-publish","format-standard","hentry","category-bez-kategorii"],"_links":{"self":[{"href":"https:\/\/nasze-pawlowice.pl\/index.php\/wp-json\/wp\/v2\/posts\/188","targetHints":{"allow":["GET"]}}],"collection":[{"href":"https:\/\/nasze-pawlowice.pl\/index.php\/wp-json\/wp\/v2\/posts"}],"about":[{"href":"https:\/\/nasze-pawlowice.pl\/index.php\/wp-json\/wp\/v2\/types\/post"}],"author":[{"embeddable":true,"href":"https:\/\/nasze-pawlowice.pl\/index.php\/wp-json\/wp\/v2\/users\/1"}],"replies":[{"embeddable":true,"href":"https:\/\/nasze-pawlowice.pl\/index.php\/wp-json\/wp\/v2\/comments?post=188"}],"version-history":[{"count":2,"href":"https:\/\/nasze-pawlowice.pl\/index.php\/wp-json\/wp\/v2\/posts\/188\/revisions"}],"predecessor-version":[{"id":193,"href":"https:\/\/nasze-pawlowice.pl\/index.php\/wp-json\/wp\/v2\/posts\/188\/revisions\/193"}],"wp:attachment":[{"href":"https:\/\/nasze-pawlowice.pl\/index.php\/wp-json\/wp\/v2\/media?parent=188"}],"wp:term":[{"taxonomy":"category","embeddable":true,"href":"https:\/\/nasze-pawlowice.pl\/index.php\/wp-json\/wp\/v2\/categories?post=188"},{"taxonomy":"post_tag","embeddable":true,"href":"https:\/\/nasze-pawlowice.pl\/index.php\/wp-json\/wp\/v2\/tags?post=188"}],"curies":[{"name":"wp","href":"https:\/\/api.w.org\/{rel}","templated":true}]}}